{"id":1772,"date":"2020-09-08T17:04:56","date_gmt":"2020-09-08T15:04:56","guid":{"rendered":"http:\/\/rubenczal.cz\/?p=1772"},"modified":"2023-09-03T13:54:12","modified_gmt":"2023-09-03T11:54:12","slug":"letos-10","status":"publish","type":"post","link":"https:\/\/rubenczal.cz\/index.php\/2020\/09\/08\/letos-10\/","title":{"rendered":"Letos 10"},"content":{"rendered":"\n<figure class=\"wp-block-image size-large\"><img loading=\"lazy\" decoding=\"async\" width=\"1024\" height=\"1024\" src=\"https:\/\/rubenczal.cz\/wp-content\/uploads\/2020\/10\/zruseni.-1024x1024.jpg\" alt=\"\" class=\"wp-image-1784\" srcset=\"https:\/\/rubenczal.cz\/wp-content\/uploads\/2020\/10\/zruseni.-1024x1024.jpg 1024w, https:\/\/rubenczal.cz\/wp-content\/uploads\/2020\/10\/zruseni.-300x300.jpg 300w, https:\/\/rubenczal.cz\/wp-content\/uploads\/2020\/10\/zruseni.-150x150.jpg 150w, https:\/\/rubenczal.cz\/wp-content\/uploads\/2020\/10\/zruseni.-768x768.jpg 768w, https:\/\/rubenczal.cz\/wp-content\/uploads\/2020\/10\/zruseni.-100x100.jpg 100w, https:\/\/rubenczal.cz\/wp-content\/uploads\/2020\/10\/zruseni..jpg 1249w\" sizes=\"auto, (max-width: 706px) 89vw, (max-width: 767px) 82vw, 740px\" \/><\/figure>\n\n\n\n<p>S l\u00edtost\u00ed V\u00e1m mus\u00edme ozn\u00e1mit, \u017ee leto\u0161n\u00ed z\u00e1vod, kter\u00fd se m\u011bl konat 10.10.2020 jsme nuceni <strong>ZRU\u0160IT.<\/strong><\/p>\n\n\n\n<p>Jist\u011b v\u0161ichni v\u00edte z jak\u00e9ho asi d\u016fvodu. Je to d\u00edky na\u0159\u00edzen\u00ed vl\u00e1dy \u010cR ze dne 30.9.2020. Sna\u017eili jsme se z\u00edskat vyj\u00edmku, ale byla n\u00e1m zam\u00edtnuta. Z\u00e1vod se tedy nem\u016f\u017ee konat, stejn\u011b tak ve\u010dern\u00ed afterp\u00e1rty.<\/p>\n\n\n\n<p>Uva\u017eovali jsme o p\u0159esunut\u00ed na jin\u00fd term\u00edn, ale spousta z V\u00e1s m\u00e1 ji\u017e n\u011bjak\u00fd program. A hlavn\u011b nev\u00edme co bude za t\u011bch 14 dn\u00ed.<br><br>Horsk\u00e1 chata Port\u00e1\u0161ky je st\u00e1le otev\u0159ena a kdo chce, m\u016f\u017ee se za n\u00e1mi zastavit, d\u00e1t si drink a zanad\u00e1vat si s n\u00e1mi na koronavirus, vl\u00e1du \u010cR, po\u010das\u00ed a vlastn\u011b na cokoli.<\/p>\n\n\n\n<p>V\u0161ichni jste v\u00edt\u00e1ni.<\/p>\n\n\n\n<p>Budeme r\u00e1di, kdy\u017e n\u00e1m zachov\u00e1te p\u0159\u00edze\u0148 a uvid\u00edme se za rok 9.10.2021.<\/p>\n\n\n\n<p><\/p>\n\n\n<p><\/p>\r\n","protected":false},"excerpt":{"rendered":"<p>S l\u00edtost\u00ed V\u00e1m mus\u00edme ozn\u00e1mit, \u017ee leto\u0161n\u00ed z\u00e1vod, kter\u00fd se m\u011bl konat 10.10.2020 jsme nuceni ZRU\u0160IT. Jist\u011b v\u0161ichni v\u00edte z jak\u00e9ho asi d\u016fvodu. Je to d\u00edky na\u0159\u00edzen\u00ed vl\u00e1dy \u010cR ze dne 30.9.2020. Sna\u017eili jsme se z\u00edskat vyj\u00edmku, ale byla n\u00e1m zam\u00edtnuta. Z\u00e1vod se tedy nem\u016f\u017ee konat, stejn\u011b tak ve\u010dern\u00ed afterp\u00e1rty. Uva\u017eovali jsme o p\u0159esunut\u00ed na &hellip; <\/p>\n<p class=\"link-more\"><a href=\"https:\/\/rubenczal.cz\/index.php\/2020\/09\/08\/letos-10\/\" class=\"more-link\">Pokra\u010dovat ve \u010dten\u00ed<span class=\"screen-reader-text\"> &#8222;Letos 10&#8220;<\/span><\/a><\/p>\n","protected":false},"author":1,"featured_media":0,"comment_status":"open","ping_status":"open","sticky":false,"template":"","format":"standard","meta":{"ngg_post_thumbnail":0,"footnotes":""},"categories":[1],"tags":[],"class_list":["post-1772","post","type-post","status-publish","format-standard","hentry","category-nezarazene"],"_links":{"self":[{"href":"https:\/\/rubenczal.cz\/index.php\/wp-json\/wp\/v2\/posts\/1772","targetHints":{"allow":["GET"]}}],"collection":[{"href":"https:\/\/rubenczal.cz\/index.php\/wp-json\/wp\/v2\/posts"}],"about":[{"href":"https:\/\/rubenczal.cz\/index.php\/wp-json\/wp\/v2\/types\/post"}],"author":[{"embeddable":true,"href":"https:\/\/rubenczal.cz\/index.php\/wp-json\/wp\/v2\/users\/1"}],"replies":[{"embeddable":true,"href":"https:\/\/rubenczal.cz\/index.php\/wp-json\/wp\/v2\/comments?post=1772"}],"version-history":[{"count":7,"href":"https:\/\/rubenczal.cz\/index.php\/wp-json\/wp\/v2\/posts\/1772\/revisions"}],"predecessor-version":[{"id":2016,"href":"https:\/\/rubenczal.cz\/index.php\/wp-json\/wp\/v2\/posts\/1772\/revisions\/2016"}],"wp:attachment":[{"href":"https:\/\/rubenczal.cz\/index.php\/wp-json\/wp\/v2\/media?parent=1772"}],"wp:term":[{"taxonomy":"category","embeddable":true,"href":"https:\/\/rubenczal.cz\/index.php\/wp-json\/wp\/v2\/categories?post=1772"},{"taxonomy":"post_tag","embeddable":true,"href":"https:\/\/rubenczal.cz\/index.php\/wp-json\/wp\/v2\/tags?post=1772"}],"curies":[{"name":"wp","href":"https:\/\/api.w.org\/{rel}","templated":true}]}}